{"id":891,"date":"2013-04-27T19:38:33","date_gmt":"2013-04-27T17:38:33","guid":{"rendered":"http:\/\/www.steinmannverlag.de\/wordpress\/buecher\/das-nest-im-feigenbaum\/"},"modified":"2014-03-01T13:42:35","modified_gmt":"2014-03-01T12:42:35","slug":"das-nest-im-feigenbaum","status":"publish","type":"post","link":"https:\/\/www.steinmannverlag.de\/wordpress\/buecher\/das-nest-im-feigenbaum\/","title":{"rendered":"Das Nest im Feigenbaum"},"content":{"rendered":"<p><!--[if gte mso 9]><xml> <w:WordDocument> <w:View>Normal<\/w:View> <w:Zoom>0<\/w:Zoom> <w:HyphenationZone>21<\/w:HyphenationZone> <w:Compatibility> <w:BreakWrappedTables \/> <w:SnapToGridInCell \/> <w:ApplyBreakingRules \/> <w:WrapTextWithPunct \/> <w:UseAsianBreakRules \/> <w:UseFELayout \/> <\/w:Compatibility> <w:BrowserLevel>MicrosoftInternetExplorer4<\/w:BrowserLevel> <\/w:WordDocument> <\/xml><![endif]--><\/p>\n<p><!--[if gte mso 10]>\n<mce:style><!   \/* Style Definitions *\/  table.MsoNormalTable \t{mso-style-name:\"Normale Tabelle\"; \tmso-tstyle-rowband-size:0; \tmso-tstyle-colband-size:0; \tmso-style-noshow:yes; \tmso-style-parent:\"\"; \tmso-padding-alt:0cm 5.4pt 0cm 5.4pt; \tmso-para-margin:0cm; \tmso-para-margin-bottom:.0001pt; \tmso-pagination:widow-orphan; \tfont-size:10.0pt; \tfont-family:\"Times New Roman\"; \tmso-fareast-font-family:\"Times New Roman\";} --><\/p>\n<p><!--[endif] --><!--[if gte mso 9]><xml> <o:shapedefaults v:ext=\"edit\" spidmax=\"1026\" \/> <\/xml><![endif]--><span style=\"font-size: small;\"><span style=\"line-height: 115%;\">Christa M\u00f6bius, emeritierte Pastorin der Evangelisch-Lutherischen Kirche in Norddeutschland, wendet sich in ihrem neuen Buch der Frage der Entstehung und Entwicklung der ersten christlichen Gemeinden in Galil\u00e4a und Jud\u00e4a zu. Dabei geht sie davon aus, dass den Briefen des Apostels Paulus viele Informationen \u00fcber die Gemeinden in Rom, Korinth, Ephesus und Philippi zu entnehmen sind und der Apostelgeschichte \u00fcber die Urgemeinde in Jerusalem, \u00fcber die ersten galil\u00e4ischen und jud\u00e4ischen Gemeinden dagegen nur wenig in den Schriften des Neuen Testaments steht. Da aber das Haus des Fischers Simon in Kapernaum genannt wird und dort bei Ausgrabungen auch ein Haus mit christlichen Inschriften entdeckt worden ist, setzt Christa M\u00f6bius voraus, dass sich in diesem Haus eine von mehreren Hausgemeinden getroffen hat.<\/span><\/span><\/p>\n<p><span style=\"font-size: small;\"> <\/span><\/p>\n<p><span style=\"font-size: small;\"> <\/span><\/p>\n<p><span style=\"font-size: small;\"> <\/span><\/p>\n<p class=\"MsoNormal\"><span style=\"font-size: small;\"><span style=\"line-height: 115%;\">Wie sind diese Gemeinden entstanden und wie haben sie sich entwickelt? Christa M\u00f6bius unternimmt den Versuch, auf diese Fragen Antworten zu finden, indem sie in einer fiktiven Erz\u00e4hlung zeigt, wie es gewesen sein k\u00f6nnte. In dieser Erz\u00e4hlung legt sie dar, dass sich die Anh\u00e4nger Jesu bereits zu seinen Lebzeiten getroffen haben, wie sie zusammengelebt haben, was ihnen Jesus bedeutet hat und wie sich diese Bedeutung durch seine Auferstehung ver\u00e4ndert hat. Dies wird konkret anhand der beteiligten Personen, die wir aus den Evangelien kennen: Simon, Andreas, die Tochter des Jairus und andere. Immer wieder stellt Christa M\u00f6bius heraus, dass sie sich als Familie verstanden haben.<\/span><\/span><\/p>\n<p><span style=\"font-size: small;\"> <\/span><\/p>\n<p><span style=\"font-size: small;\"> <\/span><\/p>\n<p><span style=\"font-size: small;\"> <\/span><\/p>\n<p class=\"MsoNormal\"><span style=\"font-size: small;\"><span style=\"line-height: 115%;\">Diese Erz\u00e4hlung vermittelt \u2013 besonders in den dargestellten Dialogen \u2013 theologie- und sozialgeschichtliche Kenntnisse und ist zudem gut lesbar.<\/span><\/span><\/p>\n<p><span style=\"font-size: small;\"> <\/span><\/p>\n<p><span style=\"font-size: small;\"> <\/span><\/p>\n<p><span style=\"font-size: small;\"> <\/span><\/p>\n<p class=\"MsoNormal\"><span style=\"font-size: small;\"><em style=\"mso-bidi-font-style: normal;\"><span style=\"line-height: 115%;\">Hans-Christoph Go\u00dfmann (Deutsches Pfarrerblatt)<br \/>\n<\/span><\/em><\/span><\/p>\n<p><span style=\"font-size: small;\"> <\/span><\/p>\n<p><span style=\"font-size: small;\"> <\/span><\/p>\n<p><span style=\"font-size: small;\"> <\/span><\/p>\n<p class=\"MsoNormal\"><!--[if gte mso 10]>\n<mce:style><!   \/* Style Definitions *\/  table.MsoNormalTable \t{mso-style-name:\"Normale Tabelle\"; \tmso-tstyle-rowband-size:0; \tmso-tstyle-colband-size:0; \tmso-style-noshow:yes; \tmso-style-parent:\"\"; \tmso-padding-alt:0cm 5.4pt 0cm 5.4pt; \tmso-para-margin:0cm; \tmso-para-margin-bottom:.0001pt; \tmso-pagination:widow-orphan; \tfont-size:10.0pt; \tfont-family:\"Times New Roman\"; \tmso-fareast-font-family:\"Times New Roman\";} --><\/p>\n<p><span style=\"font-size: small;\"> <\/span><\/p>\n<p><span style=\"font-size: small;\"> <\/span><\/p>\n<p><span style=\"font-size: small;\"> <\/span><\/p>\n<p><!--[endif] --><\/p>\n<p><span style=\"font-size: small;\"> <\/span><\/p>\n<p><span style=\"font-size: small;\"> <\/span><\/p>\n<p><span style=\"font-size: small;\"> <\/span><\/p>\n<p class=\"MsoNormal\"><span style=\"font-size: small;\"><br \/>\n<\/span><\/p>\n<p class=\"MsoNormal\"><span style=\"font-size: small;\">Wir kennen sie alle: die gekr\u00fcmmte Frau, die Schwiegermutter des Petrus oder die Tochter des Synagogenvorstehers Jairus. Wir kennen sie aus der einen Begegnung mit Jesus, die uns die Evangelien erz\u00e4hlen, manchmal sind es auch zwei. Wie Schnappsch\u00fcsse sind die Bilder, die wir von ihrem Leben haben. Wie aber haben sie gelebt? Wie sahen ihre H\u00e4user aus? Womit bestritten sie ihren Lebensunterhalt? Hatten sie Verbindung untereinander als Teil der Jesusbewegung vor Ort? Wie haben sie von Jesus erz\u00e4hlt, wie das Evangelium verk\u00fcndigt? Gab es Hausgemeinden von Frauen in dieser ganz fr\u00fchen Zeit der Gemeindebildungen? <strong>Christa M\u00f6bius<\/strong> <strong>geht diesen Fragen nach. Sie tut das mit einer fiktiven Erz\u00e4hlung.<\/strong><\/span><\/p>\n<p><span style=\"font-size: small;\"> <\/span><\/p>\n<p><span style=\"font-size: small;\"> <\/span><\/p>\n<p><span style=\"font-size: small;\"> <\/span><\/p>\n<p class=\"MsoNormal\"><span style=\"font-size: small;\">Wir kommen in die H\u00e4user in Kapernaum, wir sehen die Frauen ihr Essen zubereiten, miteinander singen und beten und h\u00f6ren sie immer wieder nachdenklich, fragend und \u00fcberw\u00e4ltigt von dem sprechen, was sie erlebt haben in der Jesusbewegung und was sie erhoffen.<strong> Mich inspiriert ihre Erz\u00e4hlidee, die Geschichte eben zu dem Zeitpunkt beginnen zu lassen, in dem Jesus aus Kapernaum aufgebrochen ist, um nach Jerusalem zu ziehen<\/strong>: \u201aAls er den Ort verlassen<strong> <\/strong>hatte, kamen sich die Frauen vor wie Nestlinge, die die Vogelmutter allein zur\u00fcckgelassen hat.\u2018 Wir werden mit hineingenommen in das \u201aNest im Feigenbaum\u2018, als blieben wir als Leser_innen mit den Frauen, M\u00e4nnern und Kindern in Galil\u00e4a zur\u00fcck, um mit ihnen fl\u00fcgge zu werden im Leben und Glauben und erlebten von dort aus, was im S\u00fcden in Jerusalem geschieht: die Verurteilung und Kreuzigung Jesu und seine Auferstehung.<\/span><\/p>\n<p><span style=\"font-size: small;\"> <\/span><\/p>\n<p><span style=\"font-size: small;\"> <\/span><\/p>\n<p><span style=\"font-size: small;\"> <\/span><\/p>\n<p class=\"MsoNormal\"><span style=\"font-size: small;\"><strong>Christa M\u00f6bius legt ihrer Geschichte Forschungsergebnisse der sozial-kritischen Bibelauslegung zugrunde. <\/strong>Genau und kenntnisreich flie\u00dfen sie in die Details ein, die den Alltag der Menschen in Kapernaum vor unseren Augen anschaulich werden lassen. \u201aDas Nest im Feigenbaum\u2018 l\u00e4sst sich gerade angesichts der erregten Debatte innerhalb der Ev. Kirche in Deutschland \u00fcber Ehe und Familie lesen als ein biblisch begr\u00fcndeter Beitrag zur \u201afamilia dei\u2018, zur Familie Gottes, wie Jesus sie lebte und Frauen, M\u00e4nner und Kinder anregte, sie zu leben. <strong>Lesen Sie selbst!<\/strong><\/span><\/p>\n<p><span style=\"font-size: small;\"> <\/span><\/p>\n<p><span style=\"font-size: small;\"> <\/span><\/p>\n<p><span style=\"font-size: small;\"> <\/span><\/p>\n<p class=\"MsoNormal\"><span style=\"font-size: small;\"> <em>Jutta Wei\u00df\u00a0 (Innovative 28)<\/em><\/span><em><span style=\"font-size: 6.0pt; font-family: HelveticaNeue-Medium; mso-fareast-font-family: SimSun; mso-bidi-font-family: HelveticaNeue-Medium; mso-fareast-language: ZH-CN;\"> <\/span><\/em><\/p>\n<p class=\"MsoNormal\"><span style=\"font-size: 6.0pt; font-family: HelveticaNeue-Medium; mso-fareast-font-family: SimSun; mso-bidi-font-family: HelveticaNeue-Medium; mso-fareast-language: ZH-CN;\"> <\/span><\/p>\n","protected":false},"excerpt":{"rendered":"<p>Christa M\u00f6bius, emeritierte Pastorin der Evangelisch-Lutherischen Kirche in Norddeutschland, wendet sich in ihrem neuen Buch der Frage der Entstehung und Entwicklung der ersten christlichen Gemeinden in Galil\u00e4a und Jud\u00e4a zu. Dabei geht sie davon aus, dass den Briefen des Apostels Paulus viele Informationen \u00fcber die Gemeinden in Rom, Korinth, Ephesus und Philippi zu entnehmen sind und der Apostelgeschichte \u00fcber die Urgemeinde in Jerusalem, \u00fcber die ersten galil\u00e4ischen und jud\u00e4ischen Gemeinden dagegen nur wenig in den Schriften des Neuen Testaments steht&#8230;.<\/p>\n<p class=\"read-more\"><a class=\"btn btn-default\" href=\"https:\/\/www.steinmannverlag.de\/wordpress\/buecher\/das-nest-im-feigenbaum\/\">Weiterlesen<span class=\"screen-reader-text\"> Weiterlesen<\/span><\/a><\/p>\n","protected":false},"author":1,"featured_media":0,"comment_status":"open","ping_status":"open","sticky":false,"template":"","format":"standard","meta":[],"categories":[1],"tags":[],"yoast_head":"<!-- This site is optimized with the Yoast SEO plugin v20.1 - https:\/\/yoast.com\/wordpress\/plugins\/seo\/ -->\n<title>Das Nest im Feigenbaum - Steinmann Verlag<\/title>\n<meta name=\"robots\" content=\"index, follow, max-snippet:-1, max-image-preview:large, max-video-preview:-1\" \/>\n<link rel=\"canonical\" href=\"https:\/\/www.steinmannverlag.de\/wordpress\/buecher\/das-nest-im-feigenbaum\/\" \/>\n<meta property=\"og:locale\" content=\"de_DE\" \/>\n<meta property=\"og:type\" content=\"article\" \/>\n<meta property=\"og:title\" content=\"Das Nest im Feigenbaum - Steinmann Verlag\" \/>\n<meta property=\"og:description\" content=\"Christa M\u00f6bius, emeritierte Pastorin der Evangelisch-Lutherischen Kirche in Norddeutschland, wendet sich in ihrem neuen Buch der Frage der Entstehung und Entwicklung der ersten christlichen Gemeinden in Galil\u00e4a und Jud\u00e4a zu. Dabei geht sie davon aus, dass den Briefen des Apostels Paulus viele Informationen \u00fcber die Gemeinden in Rom, Korinth, Ephesus und Philippi zu entnehmen sind und der Apostelgeschichte \u00fcber die Urgemeinde in Jerusalem, \u00fcber die ersten galil\u00e4ischen und jud\u00e4ischen Gemeinden dagegen nur wenig in den Schriften des Neuen Testaments steht....Weiterlesen Weiterlesen\" \/>\n<meta property=\"og:url\" content=\"https:\/\/www.steinmannverlag.de\/wordpress\/buecher\/das-nest-im-feigenbaum\/\" \/>\n<meta property=\"og:site_name\" content=\"Steinmann Verlag\" \/>\n<meta property=\"article:published_time\" content=\"2013-04-27T17:38:33+00:00\" \/>\n<meta property=\"article:modified_time\" content=\"2014-03-01T12:42:35+00:00\" \/>\n<meta name=\"author\" content=\"admin\" \/>\n<meta name=\"twitter:card\" content=\"summary_large_image\" \/>\n<meta name=\"twitter:label1\" content=\"Verfasst von\" \/>\n\t<meta name=\"twitter:data1\" content=\"admin\" \/>\n\t<meta name=\"twitter:label2\" content=\"Gesch\u00e4tzte Lesezeit\" \/>\n\t<meta name=\"twitter:data2\" content=\"3\u00a0Minuten\" \/>\n<script type=\"application\/ld+json\" class=\"yoast-schema-graph\">{\"@context\":\"https:\/\/schema.org\",\"@graph\":[{\"@type\":\"WebPage\",\"@id\":\"https:\/\/www.steinmannverlag.de\/wordpress\/buecher\/das-nest-im-feigenbaum\/\",\"url\":\"https:\/\/www.steinmannverlag.de\/wordpress\/buecher\/das-nest-im-feigenbaum\/\",\"name\":\"Das Nest im Feigenbaum - Steinmann Verlag\",\"isPartOf\":{\"@id\":\"https:\/\/www.steinmannverlag.de\/wordpress\/#website\"},\"datePublished\":\"2013-04-27T17:38:33+00:00\",\"dateModified\":\"2014-03-01T12:42:35+00:00\",\"author\":{\"@id\":\"https:\/\/www.steinmannverlag.de\/wordpress\/#\/schema\/person\/fd6f7fb43eb6cd0ab57dab20d4fe658a\"},\"breadcrumb\":{\"@id\":\"https:\/\/www.steinmannverlag.de\/wordpress\/buecher\/das-nest-im-feigenbaum\/#breadcrumb\"},\"inLanguage\":\"de\",\"potentialAction\":[{\"@type\":\"ReadAction\",\"target\":[\"https:\/\/www.steinmannverlag.de\/wordpress\/buecher\/das-nest-im-feigenbaum\/\"]}]},{\"@type\":\"BreadcrumbList\",\"@id\":\"https:\/\/www.steinmannverlag.de\/wordpress\/buecher\/das-nest-im-feigenbaum\/#breadcrumb\",\"itemListElement\":[{\"@type\":\"ListItem\",\"position\":1,\"name\":\"Home\",\"item\":\"https:\/\/www.steinmannverlag.de\/wordpress\/\"},{\"@type\":\"ListItem\",\"position\":2,\"name\":\"Das Nest im Feigenbaum\"}]},{\"@type\":\"WebSite\",\"@id\":\"https:\/\/www.steinmannverlag.de\/wordpress\/#website\",\"url\":\"https:\/\/www.steinmannverlag.de\/wordpress\/\",\"name\":\"Steinmann Verlag\",\"description\":\"Litteras Amamus\",\"potentialAction\":[{\"@type\":\"SearchAction\",\"target\":{\"@type\":\"EntryPoint\",\"urlTemplate\":\"https:\/\/www.steinmannverlag.de\/wordpress\/?s={search_term_string}\"},\"query-input\":\"required name=search_term_string\"}],\"inLanguage\":\"de\"},{\"@type\":\"Person\",\"@id\":\"https:\/\/www.steinmannverlag.de\/wordpress\/#\/schema\/person\/fd6f7fb43eb6cd0ab57dab20d4fe658a\",\"name\":\"admin\",\"url\":\"https:\/\/www.steinmannverlag.de\/wordpress\/author\/admin\/\"}]}<\/script>\n<!-- \/ Yoast SEO plugin. -->","yoast_head_json":{"title":"Das Nest im Feigenbaum - Steinmann Verlag","robots":{"index":"index","follow":"follow","max-snippet":"max-snippet:-1","max-image-preview":"max-image-preview:large","max-video-preview":"max-video-preview:-1"},"canonical":"https:\/\/www.steinmannverlag.de\/wordpress\/buecher\/das-nest-im-feigenbaum\/","og_locale":"de_DE","og_type":"article","og_title":"Das Nest im Feigenbaum - Steinmann Verlag","og_description":"Christa M\u00f6bius, emeritierte Pastorin der Evangelisch-Lutherischen Kirche in Norddeutschland, wendet sich in ihrem neuen Buch der Frage der Entstehung und Entwicklung der ersten christlichen Gemeinden in Galil\u00e4a und Jud\u00e4a zu. Dabei geht sie davon aus, dass den Briefen des Apostels Paulus viele Informationen \u00fcber die Gemeinden in Rom, Korinth, Ephesus und Philippi zu entnehmen sind und der Apostelgeschichte \u00fcber die Urgemeinde in Jerusalem, \u00fcber die ersten galil\u00e4ischen und jud\u00e4ischen Gemeinden dagegen nur wenig in den Schriften des Neuen Testaments steht....Weiterlesen Weiterlesen","og_url":"https:\/\/www.steinmannverlag.de\/wordpress\/buecher\/das-nest-im-feigenbaum\/","og_site_name":"Steinmann Verlag","article_published_time":"2013-04-27T17:38:33+00:00","article_modified_time":"2014-03-01T12:42:35+00:00","author":"admin","twitter_card":"summary_large_image","twitter_misc":{"Verfasst von":"admin","Gesch\u00e4tzte Lesezeit":"3\u00a0Minuten"},"schema":{"@context":"https:\/\/schema.org","@graph":[{"@type":"WebPage","@id":"https:\/\/www.steinmannverlag.de\/wordpress\/buecher\/das-nest-im-feigenbaum\/","url":"https:\/\/www.steinmannverlag.de\/wordpress\/buecher\/das-nest-im-feigenbaum\/","name":"Das Nest im Feigenbaum - Steinmann Verlag","isPartOf":{"@id":"https:\/\/www.steinmannverlag.de\/wordpress\/#website"},"datePublished":"2013-04-27T17:38:33+00:00","dateModified":"2014-03-01T12:42:35+00:00","author":{"@id":"https:\/\/www.steinmannverlag.de\/wordpress\/#\/schema\/person\/fd6f7fb43eb6cd0ab57dab20d4fe658a"},"breadcrumb":{"@id":"https:\/\/www.steinmannverlag.de\/wordpress\/buecher\/das-nest-im-feigenbaum\/#breadcrumb"},"inLanguage":"de","potentialAction":[{"@type":"ReadAction","target":["https:\/\/www.steinmannverlag.de\/wordpress\/buecher\/das-nest-im-feigenbaum\/"]}]},{"@type":"BreadcrumbList","@id":"https:\/\/www.steinmannverlag.de\/wordpress\/buecher\/das-nest-im-feigenbaum\/#breadcrumb","itemListElement":[{"@type":"ListItem","position":1,"name":"Home","item":"https:\/\/www.steinmannverlag.de\/wordpress\/"},{"@type":"ListItem","position":2,"name":"Das Nest im Feigenbaum"}]},{"@type":"WebSite","@id":"https:\/\/www.steinmannverlag.de\/wordpress\/#website","url":"https:\/\/www.steinmannverlag.de\/wordpress\/","name":"Steinmann Verlag","description":"Litteras Amamus","potentialAction":[{"@type":"SearchAction","target":{"@type":"EntryPoint","urlTemplate":"https:\/\/www.steinmannverlag.de\/wordpress\/?s={search_term_string}"},"query-input":"required name=search_term_string"}],"inLanguage":"de"},{"@type":"Person","@id":"https:\/\/www.steinmannverlag.de\/wordpress\/#\/schema\/person\/fd6f7fb43eb6cd0ab57dab20d4fe658a","name":"admin","url":"https:\/\/www.steinmannverlag.de\/wordpress\/author\/admin\/"}]}},"_links":{"self":[{"href":"https:\/\/www.steinmannverlag.de\/wordpress\/wp-json\/wp\/v2\/posts\/891"}],"collection":[{"href":"https:\/\/www.steinmannverlag.de\/wordpress\/wp-json\/wp\/v2\/posts"}],"about":[{"href":"https:\/\/www.steinmannverlag.de\/wordpress\/wp-json\/wp\/v2\/types\/post"}],"author":[{"embeddable":true,"href":"https:\/\/www.steinmannverlag.de\/wordpress\/wp-json\/wp\/v2\/users\/1"}],"replies":[{"embeddable":true,"href":"https:\/\/www.steinmannverlag.de\/wordpress\/wp-json\/wp\/v2\/comments?post=891"}],"version-history":[{"count":6,"href":"https:\/\/www.steinmannverlag.de\/wordpress\/wp-json\/wp\/v2\/posts\/891\/revisions"}],"predecessor-version":[{"id":936,"href":"https:\/\/www.steinmannverlag.de\/wordpress\/wp-json\/wp\/v2\/posts\/891\/revisions\/936"}],"wp:attachment":[{"href":"https:\/\/www.steinmannverlag.de\/wordpress\/wp-json\/wp\/v2\/media?parent=891"}],"wp:term":[{"taxonomy":"category","embeddable":true,"href":"https:\/\/www.steinmannverlag.de\/wordpress\/wp-json\/wp\/v2\/categories?post=891"},{"taxonomy":"post_tag","embeddable":true,"href":"https:\/\/www.steinmannverlag.de\/wordpress\/wp-json\/wp\/v2\/tags?post=891"}],"curies":[{"name":"wp","href":"https:\/\/api.w.org\/{rel}","templated":true}]}}