{"id":324,"date":"2010-04-07T16:26:10","date_gmt":"2010-04-07T15:26:10","guid":{"rendered":"http:\/\/www.steinmannverlag.de\/wordpress\/?p=324"},"modified":"2010-06-26T18:28:41","modified_gmt":"2010-06-26T17:28:41","slug":"asbrock","status":"publish","type":"post","link":"https:\/\/www.steinmannverlag.de\/wordpress\/buecher\/asbrock\/","title":{"rendered":"Karl H. Asbrock"},"content":{"rendered":"<p>Jahrgang 1950; Studium an der Theologischen Akademie Celle; 1981 bis 1996 Pfarrer in Gemeinden in und um Hannover und an der Nordseek\u00fcste; 1991 bis 1993 berufsbegleitender Studiengang zum &#8222;Kommunikationswirt f\u00fcr kirchliche \u00d6ffentlichkeitsarbeit (GEP)&#8220;; seit 1997 Pfarrer der Landeskirche mit der Beauftragung f\u00fcr Presse- und \u00d6ffentlichkeitsarbeit im ev.-luth. Sprengel Osnabr\u00fcck; Autor und Sprecher von Rundfunkandachten im NDR; diverse Ver\u00f6ffentlichungen von Predigten, Andachten, theologischen Artikeln und Betrachtungen sowie zahlreiche Buchpublikationen.<\/p>\n","protected":false},"excerpt":{"rendered":"<p>Jahrgang 1950; Studium an der Theologischen Akademie Celle; 1981 bis 1996 Pfarrer in Gemeinden in und um Hannover und an der Nordseek\u00fcste; 1991 bis 1993 berufsbegleitender Studiengang zum &#8222;Kommunikationswirt f\u00fcr kirchliche \u00d6ffentlichkeitsarbeit (GEP)&#8220;; seit 1997 Pfarrer der Landeskirche mit der Beauftragung f\u00fcr Presse- und \u00d6ffentlichkeitsarbeit im ev.-luth. Sprengel Osnabr\u00fcck; Autor und Sprecher von Rundfunkandachten im NDR; diverse Ver\u00f6ffentlichungen von Predigten, Andachten, theologischen Artikeln und Betrachtungen sowie zahlreiche Buchpublikationen.<\/p>\n","protected":false},"author":1,"featured_media":0,"comment_status":"closed","ping_status":"closed","sticky":false,"template":"","format":"standard","meta":[],"categories":[1],"tags":[],"yoast_head":"<!-- This site is optimized with the Yoast SEO plugin v20.1 - https:\/\/yoast.com\/wordpress\/plugins\/seo\/ -->\n<title>Karl H. Asbrock - Steinmann Verlag<\/title>\n<meta name=\"robots\" content=\"index, follow, max-snippet:-1, max-image-preview:large, max-video-preview:-1\" \/>\n<link rel=\"canonical\" href=\"https:\/\/www.steinmannverlag.de\/wordpress\/buecher\/asbrock\/\" \/>\n<meta property=\"og:locale\" content=\"de_DE\" \/>\n<meta property=\"og:type\" content=\"article\" \/>\n<meta property=\"og:title\" content=\"Karl H. Asbrock - Steinmann Verlag\" \/>\n<meta property=\"og:description\" content=\"Jahrgang 1950; Studium an der Theologischen Akademie Celle; 1981 bis 1996 Pfarrer in Gemeinden in und um Hannover und an der Nordseek\u00fcste; 1991 bis 1993 berufsbegleitender Studiengang zum &#8222;Kommunikationswirt f\u00fcr kirchliche \u00d6ffentlichkeitsarbeit (GEP)&#8220;; seit 1997 Pfarrer der Landeskirche mit der Beauftragung f\u00fcr Presse- und \u00d6ffentlichkeitsarbeit im ev.-luth. Sprengel Osnabr\u00fcck; Autor und Sprecher von Rundfunkandachten im NDR; diverse Ver\u00f6ffentlichungen von Predigten, Andachten, theologischen Artikeln und Betrachtungen sowie zahlreiche Buchpublikationen.\" \/>\n<meta property=\"og:url\" content=\"https:\/\/www.steinmannverlag.de\/wordpress\/buecher\/asbrock\/\" \/>\n<meta property=\"og:site_name\" content=\"Steinmann Verlag\" \/>\n<meta property=\"article:published_time\" content=\"2010-04-07T15:26:10+00:00\" \/>\n<meta property=\"article:modified_time\" content=\"2010-06-26T17:28:41+00:00\" \/>\n<meta name=\"author\" content=\"admin\" \/>\n<meta name=\"twitter:card\" content=\"summary_large_image\" \/>\n<meta name=\"twitter:label1\" content=\"Verfasst von\" \/>\n\t<meta name=\"twitter:data1\" content=\"admin\" \/>\n<script type=\"application\/ld+json\" class=\"yoast-schema-graph\">{\"@context\":\"https:\/\/schema.org\",\"@graph\":[{\"@type\":\"WebPage\",\"@id\":\"https:\/\/www.steinmannverlag.de\/wordpress\/buecher\/asbrock\/\",\"url\":\"https:\/\/www.steinmannverlag.de\/wordpress\/buecher\/asbrock\/\",\"name\":\"Karl H. Asbrock - Steinmann Verlag\",\"isPartOf\":{\"@id\":\"https:\/\/www.steinmannverlag.de\/wordpress\/#website\"},\"datePublished\":\"2010-04-07T15:26:10+00:00\",\"dateModified\":\"2010-06-26T17:28:41+00:00\",\"author\":{\"@id\":\"https:\/\/www.steinmannverlag.de\/wordpress\/#\/schema\/person\/fd6f7fb43eb6cd0ab57dab20d4fe658a\"},\"breadcrumb\":{\"@id\":\"https:\/\/www.steinmannverlag.de\/wordpress\/buecher\/asbrock\/#breadcrumb\"},\"inLanguage\":\"de\",\"potentialAction\":[{\"@type\":\"ReadAction\",\"target\":[\"https:\/\/www.steinmannverlag.de\/wordpress\/buecher\/asbrock\/\"]}]},{\"@type\":\"BreadcrumbList\",\"@id\":\"https:\/\/www.steinmannverlag.de\/wordpress\/buecher\/asbrock\/#breadcrumb\",\"itemListElement\":[{\"@type\":\"ListItem\",\"position\":1,\"name\":\"Home\",\"item\":\"https:\/\/www.steinmannverlag.de\/wordpress\/\"},{\"@type\":\"ListItem\",\"position\":2,\"name\":\"Karl H. Asbrock\"}]},{\"@type\":\"WebSite\",\"@id\":\"https:\/\/www.steinmannverlag.de\/wordpress\/#website\",\"url\":\"https:\/\/www.steinmannverlag.de\/wordpress\/\",\"name\":\"Steinmann Verlag\",\"description\":\"Litteras Amamus\",\"potentialAction\":[{\"@type\":\"SearchAction\",\"target\":{\"@type\":\"EntryPoint\",\"urlTemplate\":\"https:\/\/www.steinmannverlag.de\/wordpress\/?s={search_term_string}\"},\"query-input\":\"required name=search_term_string\"}],\"inLanguage\":\"de\"},{\"@type\":\"Person\",\"@id\":\"https:\/\/www.steinmannverlag.de\/wordpress\/#\/schema\/person\/fd6f7fb43eb6cd0ab57dab20d4fe658a\",\"name\":\"admin\",\"url\":\"https:\/\/www.steinmannverlag.de\/wordpress\/author\/admin\/\"}]}<\/script>\n<!-- \/ Yoast SEO plugin. -->","yoast_head_json":{"title":"Karl H. Asbrock - Steinmann Verlag","robots":{"index":"index","follow":"follow","max-snippet":"max-snippet:-1","max-image-preview":"max-image-preview:large","max-video-preview":"max-video-preview:-1"},"canonical":"https:\/\/www.steinmannverlag.de\/wordpress\/buecher\/asbrock\/","og_locale":"de_DE","og_type":"article","og_title":"Karl H. Asbrock - Steinmann Verlag","og_description":"Jahrgang 1950; Studium an der Theologischen Akademie Celle; 1981 bis 1996 Pfarrer in Gemeinden in und um Hannover und an der Nordseek\u00fcste; 1991 bis 1993 berufsbegleitender Studiengang zum &#8222;Kommunikationswirt f\u00fcr kirchliche \u00d6ffentlichkeitsarbeit (GEP)&#8220;; seit 1997 Pfarrer der Landeskirche mit der Beauftragung f\u00fcr Presse- und \u00d6ffentlichkeitsarbeit im ev.-luth. Sprengel Osnabr\u00fcck; Autor und Sprecher von Rundfunkandachten im NDR; diverse Ver\u00f6ffentlichungen von Predigten, Andachten, theologischen Artikeln und Betrachtungen sowie zahlreiche Buchpublikationen.","og_url":"https:\/\/www.steinmannverlag.de\/wordpress\/buecher\/asbrock\/","og_site_name":"Steinmann Verlag","article_published_time":"2010-04-07T15:26:10+00:00","article_modified_time":"2010-06-26T17:28:41+00:00","author":"admin","twitter_card":"summary_large_image","twitter_misc":{"Verfasst von":"admin"},"schema":{"@context":"https:\/\/schema.org","@graph":[{"@type":"WebPage","@id":"https:\/\/www.steinmannverlag.de\/wordpress\/buecher\/asbrock\/","url":"https:\/\/www.steinmannverlag.de\/wordpress\/buecher\/asbrock\/","name":"Karl H. Asbrock - Steinmann Verlag","isPartOf":{"@id":"https:\/\/www.steinmannverlag.de\/wordpress\/#website"},"datePublished":"2010-04-07T15:26:10+00:00","dateModified":"2010-06-26T17:28:41+00:00","author":{"@id":"https:\/\/www.steinmannverlag.de\/wordpress\/#\/schema\/person\/fd6f7fb43eb6cd0ab57dab20d4fe658a"},"breadcrumb":{"@id":"https:\/\/www.steinmannverlag.de\/wordpress\/buecher\/asbrock\/#breadcrumb"},"inLanguage":"de","potentialAction":[{"@type":"ReadAction","target":["https:\/\/www.steinmannverlag.de\/wordpress\/buecher\/asbrock\/"]}]},{"@type":"BreadcrumbList","@id":"https:\/\/www.steinmannverlag.de\/wordpress\/buecher\/asbrock\/#breadcrumb","itemListElement":[{"@type":"ListItem","position":1,"name":"Home","item":"https:\/\/www.steinmannverlag.de\/wordpress\/"},{"@type":"ListItem","position":2,"name":"Karl H. Asbrock"}]},{"@type":"WebSite","@id":"https:\/\/www.steinmannverlag.de\/wordpress\/#website","url":"https:\/\/www.steinmannverlag.de\/wordpress\/","name":"Steinmann Verlag","description":"Litteras Amamus","potentialAction":[{"@type":"SearchAction","target":{"@type":"EntryPoint","urlTemplate":"https:\/\/www.steinmannverlag.de\/wordpress\/?s={search_term_string}"},"query-input":"required name=search_term_string"}],"inLanguage":"de"},{"@type":"Person","@id":"https:\/\/www.steinmannverlag.de\/wordpress\/#\/schema\/person\/fd6f7fb43eb6cd0ab57dab20d4fe658a","name":"admin","url":"https:\/\/www.steinmannverlag.de\/wordpress\/author\/admin\/"}]}},"_links":{"self":[{"href":"https:\/\/www.steinmannverlag.de\/wordpress\/wp-json\/wp\/v2\/posts\/324"}],"collection":[{"href":"https:\/\/www.steinmannverlag.de\/wordpress\/wp-json\/wp\/v2\/posts"}],"about":[{"href":"https:\/\/www.steinmannverlag.de\/wordpress\/wp-json\/wp\/v2\/types\/post"}],"author":[{"embeddable":true,"href":"https:\/\/www.steinmannverlag.de\/wordpress\/wp-json\/wp\/v2\/users\/1"}],"replies":[{"embeddable":true,"href":"https:\/\/www.steinmannverlag.de\/wordpress\/wp-json\/wp\/v2\/comments?post=324"}],"version-history":[{"count":5,"href":"https:\/\/www.steinmannverlag.de\/wordpress\/wp-json\/wp\/v2\/posts\/324\/revisions"}],"predecessor-version":[{"id":510,"href":"https:\/\/www.steinmannverlag.de\/wordpress\/wp-json\/wp\/v2\/posts\/324\/revisions\/510"}],"wp:attachment":[{"href":"https:\/\/www.steinmannverlag.de\/wordpress\/wp-json\/wp\/v2\/media?parent=324"}],"wp:term":[{"taxonomy":"category","embeddable":true,"href":"https:\/\/www.steinmannverlag.de\/wordpress\/wp-json\/wp\/v2\/categories?post=324"},{"taxonomy":"post_tag","embeddable":true,"href":"https:\/\/www.steinmannverlag.de\/wordpress\/wp-json\/wp\/v2\/tags?post=324"}],"curies":[{"name":"wp","href":"https:\/\/api.w.org\/{rel}","templated":true}]}}