{"id":273,"date":"2010-04-07T15:50:53","date_gmt":"2010-04-07T13:50:53","guid":{"rendered":"http:\/\/www.steinmannverlag.de\/wordpress\/?p=273"},"modified":"2011-08-26T14:35:07","modified_gmt":"2011-08-26T12:35:07","slug":"den-gemeinsamen-glauben-bekennen","status":"publish","type":"post","link":"https:\/\/www.steinmannverlag.de\/wordpress\/buecher\/den-gemeinsamen-glauben-bekennen\/","title":{"rendered":"Den gemeinsamen Glauben bekennen"},"content":{"rendered":"<p>&#8222;Hinter einem trockenen, eher formal klingenden Titel  auf der Schatulle l\u00e4sst sich manchmal eine Kette von Perlen entdecken,  die nicht nur der Fachmann schnell als nat\u00fcrliches Kunstwerk entdeckt.  Das soeben im Steinmann Verlag erschienene Buch \u201eDen gemeinsamen Glauben  bekennen\u201c ist eine solche Kette. So n\u00fcchtern der Titel daher kommt, so  spannend und leicht ist das kleine Buch mit den acht Erkl\u00e4rungen der  Theologischen Kommission der ACKH  und ihren vier etwas umfangreicheren  Arbeitspapieren mit den Themen \u201eDas Kreuz mit dem Kreuz\u201c, \u201eWir glauben  an den Heiligen Geist\u201c, Das geistliche Amt\u201c und \u201eWir glauben an den  dreieinigen Gott\u201c zu lesen.<\/p>\n<p>Es ist den Texten kaum anzumerken, dass sie eine  Sammlung aus drei Jahrzehnten sind. Ihre Themen sind in der kirchlichen  Diskussion sehr aktuell. Nicht selten stellen die Beitr\u00e4ge den Bezug zur  gesellschaftlichen Entwicklung wie selbstverst\u00e4ndlich her &#8211; so  besonders deutlich und f\u00fcr ein \u00f6kumenisches Papier erstaunlich konkret  in dem 3. Teil der Erkl\u00e4rungen unter der Sammel\u00fcberschrift \u201eGemeinsamer  Dienst der Kirchen\u201c. Inhaltlich geht es um den kirchlichen Auftrag, die  Mission Gottes in der geschichtlichen Situation Hamburgs zu bef\u00f6rdern,  oder jedenfalls nicht zu behindern. \u201e\u2026 unser Glaube an Jesus Christus  (muss) dialog- und beziehungsf\u00e4hig sein.\u201c Dabei erh\u00e4lt das Verh\u00e4ltnis  zwischen den Christinnen und Christen und Juden und J\u00fcdinnen aufgrund  der Geschichte der Shoa und des Glaubens an den einen Gott eine  ausf\u00fchrliche W\u00fcrdigung. Dem Text ist die Ernsthaftigkeit der  Auseinandersetzung innerhalb der Kommission noch abzusp\u00fcren: \u201eOffen  bleibt \u2026 die Frage, ob konfessionelle Verschiedenheit und Gegens\u00e4tze  innerhalb der \u00d6kumene zu einem wichtigen Teil im unterschiedlichen  Verh\u00e4ltnis zum Judentum begr\u00fcndet sind.\u201c Dennoch kann die Kommission  schon im n\u00e4chsten Satz fortsetzen; \u201eIn der Bek\u00e4mpfung von Antijudaismus  und Antisemitismus sehen wir als Christen \u2026 unsere Verantwortung.\u201c Gott  sei es gedankt!<\/p>\n<p>Die Theologische Kommission gibt einen wunderbaren  Einblick in die eigene Arbeit der letzten drei\u00dfig Jahre. Allein diese  Tatsache kann gar nicht genug gew\u00fcrdigt werden. Sie tr\u00e4gt dazu bei, dass  die Schar der Glaubenden, die dieses Buch zur Hand nehmen, kompetent  mitreden kann, wenn es z.B. um die Frage der zeitgem\u00e4\u00dfen Deutung des  Kreuzes geht als das befreiende und eben nicht blutr\u00fcnstige Zeichen der  weltweiten Christenheit oder um das Verst\u00e4ndnis der Bezeichnung Gottes  als Vater. Der Leser und die Leserin erkennen das aufrichtige M\u00fchen um  eine Erkl\u00e4rung, die den Anfragen insbesondere aus der feministischen  Theologie standh\u00e4lt. Ob es immer gelingt, kann dem Urteil des durch die  Lekt\u00fcre fachkundigen Lesers oder der Leserin getrost \u00fcberlassen bleiben.  Auch in dieser Hinsicht \u201elohnt\u201c sich eine Besch\u00e4ftigung mit diesen  Texten, die weiter gedacht werden wollen.<\/p>\n<p>Verlag und dem Kreis der Herausgebenden ist f\u00fcr die  M\u00fche zu danken und ihnen ist zu w\u00fcnschen, dass dieses B\u00fcchlein viele  Gespr\u00e4chsrunden anreizt, an den Themen weiterzudenken.&#8220;<\/p>\n<p><em>J\u00fcrgen F. Bollmann, Propst im Ev.-Luth.  Kirchenkreis Hamburg-Ost, Bezirk Harburg<\/em><\/p>\n","protected":false},"excerpt":{"rendered":"<p>&#8222;Hinter einem trockenen, eher formal klingenden Titel auf der Schatulle l\u00e4sst sich manchmal eine Kette von Perlen entdecken, die nicht nur der Fachmann schnell als nat\u00fcrliches Kunstwerk entdeckt. Das soeben im Steinmann Verlag erschienene Buch \u201eDen gemeinsamen Glauben bekennen\u201c ist eine solche Kette. So n\u00fcchtern der Titel daher kommt, so spannend und leicht ist das kleine Buch mit den acht Erkl\u00e4rungen der Theologischen Kommission der ACKH und ihren vier etwas umfangreicheren Arbeitspapieren mit den Themen \u201eDas Kreuz mit dem Kreuz\u201c,&#8230;<\/p>\n<p class=\"read-more\"><a class=\"btn btn-default\" href=\"https:\/\/www.steinmannverlag.de\/wordpress\/buecher\/den-gemeinsamen-glauben-bekennen\/\">Weiterlesen<span class=\"screen-reader-text\"> Weiterlesen<\/span><\/a><\/p>\n","protected":false},"author":1,"featured_media":0,"comment_status":"closed","ping_status":"closed","sticky":false,"template":"","format":"standard","meta":[],"categories":[1],"tags":[],"yoast_head":"<!-- This site is optimized with the Yoast SEO plugin v20.1 - https:\/\/yoast.com\/wordpress\/plugins\/seo\/ -->\n<title>Den gemeinsamen Glauben bekennen - Steinmann Verlag<\/title>\n<meta name=\"robots\" content=\"index, follow, max-snippet:-1, max-image-preview:large, max-video-preview:-1\" \/>\n<link rel=\"canonical\" href=\"https:\/\/www.steinmannverlag.de\/wordpress\/buecher\/den-gemeinsamen-glauben-bekennen\/\" \/>\n<meta property=\"og:locale\" content=\"de_DE\" \/>\n<meta property=\"og:type\" content=\"article\" \/>\n<meta property=\"og:title\" content=\"Den gemeinsamen Glauben bekennen - Steinmann Verlag\" \/>\n<meta property=\"og:description\" content=\"&#8222;Hinter einem trockenen, eher formal klingenden Titel auf der Schatulle l\u00e4sst sich manchmal eine Kette von Perlen entdecken, die nicht nur der Fachmann schnell als nat\u00fcrliches Kunstwerk entdeckt. Das soeben im Steinmann Verlag erschienene Buch \u201eDen gemeinsamen Glauben bekennen\u201c ist eine solche Kette. So n\u00fcchtern der Titel daher kommt, so spannend und leicht ist das kleine Buch mit den acht Erkl\u00e4rungen der Theologischen Kommission der ACKH und ihren vier etwas umfangreicheren Arbeitspapieren mit den Themen \u201eDas Kreuz mit dem Kreuz\u201c,...Weiterlesen Weiterlesen\" \/>\n<meta property=\"og:url\" content=\"https:\/\/www.steinmannverlag.de\/wordpress\/buecher\/den-gemeinsamen-glauben-bekennen\/\" \/>\n<meta property=\"og:site_name\" content=\"Steinmann Verlag\" \/>\n<meta property=\"article:published_time\" content=\"2010-04-07T13:50:53+00:00\" \/>\n<meta property=\"article:modified_time\" content=\"2011-08-26T12:35:07+00:00\" \/>\n<meta name=\"author\" content=\"admin\" \/>\n<meta name=\"twitter:card\" content=\"summary_large_image\" \/>\n<meta name=\"twitter:label1\" content=\"Verfasst von\" \/>\n\t<meta name=\"twitter:data1\" content=\"admin\" \/>\n\t<meta name=\"twitter:label2\" content=\"Gesch\u00e4tzte Lesezeit\" \/>\n\t<meta name=\"twitter:data2\" content=\"2\u00a0Minuten\" \/>\n<script type=\"application\/ld+json\" class=\"yoast-schema-graph\">{\"@context\":\"https:\/\/schema.org\",\"@graph\":[{\"@type\":\"WebPage\",\"@id\":\"https:\/\/www.steinmannverlag.de\/wordpress\/buecher\/den-gemeinsamen-glauben-bekennen\/\",\"url\":\"https:\/\/www.steinmannverlag.de\/wordpress\/buecher\/den-gemeinsamen-glauben-bekennen\/\",\"name\":\"Den gemeinsamen Glauben bekennen - Steinmann Verlag\",\"isPartOf\":{\"@id\":\"https:\/\/www.steinmannverlag.de\/wordpress\/#website\"},\"datePublished\":\"2010-04-07T13:50:53+00:00\",\"dateModified\":\"2011-08-26T12:35:07+00:00\",\"author\":{\"@id\":\"https:\/\/www.steinmannverlag.de\/wordpress\/#\/schema\/person\/fd6f7fb43eb6cd0ab57dab20d4fe658a\"},\"breadcrumb\":{\"@id\":\"https:\/\/www.steinmannverlag.de\/wordpress\/buecher\/den-gemeinsamen-glauben-bekennen\/#breadcrumb\"},\"inLanguage\":\"de\",\"potentialAction\":[{\"@type\":\"ReadAction\",\"target\":[\"https:\/\/www.steinmannverlag.de\/wordpress\/buecher\/den-gemeinsamen-glauben-bekennen\/\"]}]},{\"@type\":\"BreadcrumbList\",\"@id\":\"https:\/\/www.steinmannverlag.de\/wordpress\/buecher\/den-gemeinsamen-glauben-bekennen\/#breadcrumb\",\"itemListElement\":[{\"@type\":\"ListItem\",\"position\":1,\"name\":\"Home\",\"item\":\"https:\/\/www.steinmannverlag.de\/wordpress\/\"},{\"@type\":\"ListItem\",\"position\":2,\"name\":\"Den gemeinsamen Glauben bekennen\"}]},{\"@type\":\"WebSite\",\"@id\":\"https:\/\/www.steinmannverlag.de\/wordpress\/#website\",\"url\":\"https:\/\/www.steinmannverlag.de\/wordpress\/\",\"name\":\"Steinmann Verlag\",\"description\":\"Litteras Amamus\",\"potentialAction\":[{\"@type\":\"SearchAction\",\"target\":{\"@type\":\"EntryPoint\",\"urlTemplate\":\"https:\/\/www.steinmannverlag.de\/wordpress\/?s={search_term_string}\"},\"query-input\":\"required name=search_term_string\"}],\"inLanguage\":\"de\"},{\"@type\":\"Person\",\"@id\":\"https:\/\/www.steinmannverlag.de\/wordpress\/#\/schema\/person\/fd6f7fb43eb6cd0ab57dab20d4fe658a\",\"name\":\"admin\",\"url\":\"https:\/\/www.steinmannverlag.de\/wordpress\/author\/admin\/\"}]}<\/script>\n<!-- \/ Yoast SEO plugin. -->","yoast_head_json":{"title":"Den gemeinsamen Glauben bekennen - Steinmann Verlag","robots":{"index":"index","follow":"follow","max-snippet":"max-snippet:-1","max-image-preview":"max-image-preview:large","max-video-preview":"max-video-preview:-1"},"canonical":"https:\/\/www.steinmannverlag.de\/wordpress\/buecher\/den-gemeinsamen-glauben-bekennen\/","og_locale":"de_DE","og_type":"article","og_title":"Den gemeinsamen Glauben bekennen - Steinmann Verlag","og_description":"&#8222;Hinter einem trockenen, eher formal klingenden Titel auf der Schatulle l\u00e4sst sich manchmal eine Kette von Perlen entdecken, die nicht nur der Fachmann schnell als nat\u00fcrliches Kunstwerk entdeckt. Das soeben im Steinmann Verlag erschienene Buch \u201eDen gemeinsamen Glauben bekennen\u201c ist eine solche Kette. So n\u00fcchtern der Titel daher kommt, so spannend und leicht ist das kleine Buch mit den acht Erkl\u00e4rungen der Theologischen Kommission der ACKH und ihren vier etwas umfangreicheren Arbeitspapieren mit den Themen \u201eDas Kreuz mit dem Kreuz\u201c,...Weiterlesen Weiterlesen","og_url":"https:\/\/www.steinmannverlag.de\/wordpress\/buecher\/den-gemeinsamen-glauben-bekennen\/","og_site_name":"Steinmann Verlag","article_published_time":"2010-04-07T13:50:53+00:00","article_modified_time":"2011-08-26T12:35:07+00:00","author":"admin","twitter_card":"summary_large_image","twitter_misc":{"Verfasst von":"admin","Gesch\u00e4tzte Lesezeit":"2\u00a0Minuten"},"schema":{"@context":"https:\/\/schema.org","@graph":[{"@type":"WebPage","@id":"https:\/\/www.steinmannverlag.de\/wordpress\/buecher\/den-gemeinsamen-glauben-bekennen\/","url":"https:\/\/www.steinmannverlag.de\/wordpress\/buecher\/den-gemeinsamen-glauben-bekennen\/","name":"Den gemeinsamen Glauben bekennen - Steinmann Verlag","isPartOf":{"@id":"https:\/\/www.steinmannverlag.de\/wordpress\/#website"},"datePublished":"2010-04-07T13:50:53+00:00","dateModified":"2011-08-26T12:35:07+00:00","author":{"@id":"https:\/\/www.steinmannverlag.de\/wordpress\/#\/schema\/person\/fd6f7fb43eb6cd0ab57dab20d4fe658a"},"breadcrumb":{"@id":"https:\/\/www.steinmannverlag.de\/wordpress\/buecher\/den-gemeinsamen-glauben-bekennen\/#breadcrumb"},"inLanguage":"de","potentialAction":[{"@type":"ReadAction","target":["https:\/\/www.steinmannverlag.de\/wordpress\/buecher\/den-gemeinsamen-glauben-bekennen\/"]}]},{"@type":"BreadcrumbList","@id":"https:\/\/www.steinmannverlag.de\/wordpress\/buecher\/den-gemeinsamen-glauben-bekennen\/#breadcrumb","itemListElement":[{"@type":"ListItem","position":1,"name":"Home","item":"https:\/\/www.steinmannverlag.de\/wordpress\/"},{"@type":"ListItem","position":2,"name":"Den gemeinsamen Glauben bekennen"}]},{"@type":"WebSite","@id":"https:\/\/www.steinmannverlag.de\/wordpress\/#website","url":"https:\/\/www.steinmannverlag.de\/wordpress\/","name":"Steinmann Verlag","description":"Litteras Amamus","potentialAction":[{"@type":"SearchAction","target":{"@type":"EntryPoint","urlTemplate":"https:\/\/www.steinmannverlag.de\/wordpress\/?s={search_term_string}"},"query-input":"required name=search_term_string"}],"inLanguage":"de"},{"@type":"Person","@id":"https:\/\/www.steinmannverlag.de\/wordpress\/#\/schema\/person\/fd6f7fb43eb6cd0ab57dab20d4fe658a","name":"admin","url":"https:\/\/www.steinmannverlag.de\/wordpress\/author\/admin\/"}]}},"_links":{"self":[{"href":"https:\/\/www.steinmannverlag.de\/wordpress\/wp-json\/wp\/v2\/posts\/273"}],"collection":[{"href":"https:\/\/www.steinmannverlag.de\/wordpress\/wp-json\/wp\/v2\/posts"}],"about":[{"href":"https:\/\/www.steinmannverlag.de\/wordpress\/wp-json\/wp\/v2\/types\/post"}],"author":[{"embeddable":true,"href":"https:\/\/www.steinmannverlag.de\/wordpress\/wp-json\/wp\/v2\/users\/1"}],"replies":[{"embeddable":true,"href":"https:\/\/www.steinmannverlag.de\/wordpress\/wp-json\/wp\/v2\/comments?post=273"}],"version-history":[{"count":6,"href":"https:\/\/www.steinmannverlag.de\/wordpress\/wp-json\/wp\/v2\/posts\/273\/revisions"}],"predecessor-version":[{"id":612,"href":"https:\/\/www.steinmannverlag.de\/wordpress\/wp-json\/wp\/v2\/posts\/273\/revisions\/612"}],"wp:attachment":[{"href":"https:\/\/www.steinmannverlag.de\/wordpress\/wp-json\/wp\/v2\/media?parent=273"}],"wp:term":[{"taxonomy":"category","embeddable":true,"href":"https:\/\/www.steinmannverlag.de\/wordpress\/wp-json\/wp\/v2\/categories?post=273"},{"taxonomy":"post_tag","embeddable":true,"href":"https:\/\/www.steinmannverlag.de\/wordpress\/wp-json\/wp\/v2\/tags?post=273"}],"curies":[{"name":"wp","href":"https:\/\/api.w.org\/{rel}","templated":true}]}}