{"id":1236,"date":"2016-06-24T18:14:03","date_gmt":"2016-06-24T16:14:03","guid":{"rendered":"http:\/\/www.steinmannverlag.de\/wordpress\/?p=1236"},"modified":"2016-06-24T18:15:46","modified_gmt":"2016-06-24T16:15:46","slug":"die-sammler-der-erinnerung","status":"publish","type":"post","link":"https:\/\/www.steinmannverlag.de\/wordpress\/buecher\/die-sammler-der-erinnerung\/","title":{"rendered":"Die Sammler der Erinnerung"},"content":{"rendered":"<p>Klappentext<\/p>\n<p>Damaskus in der zweiten H\u00e4lfte des 1. Jahrunderts: Eine kleine Gruppe von Christen beugt sich \u00fcber Papyri, die aus Galil\u00e4a, der Heimat Jesu, zu ihnen gelangt sind. Sie wollen das Ged\u00e4chtnis an die Taten ihres Herrn bewahren und zugleich seine Worte auch in ihrer Gegenwart h\u00f6rbar machen. M\u00e4nner und Frauen von j\u00fcdischer, griechischer und syrischer Herkunft \u2013 so leben sie in einer Handelsmetropole des R\u00f6mischen Reiches. Wie kann es ihnen gelingen, etwas weiter zu tragen, was es so bisher nicht gab und was sie in ihrem Alltag als Grund ihres Glaubens begreifen? Begleiten Sie Matthias und Melitta, Grecos und Julia bei ihren Bem\u00fchungen, die als eine Phase in der Entstehungsgeschichte des Markus-Evangeliums verstanden werden k\u00f6nnen.<\/p>\n","protected":false},"excerpt":{"rendered":"<p>Klappentext Damaskus in der zweiten H\u00e4lfte des 1. Jahrunderts: Eine kleine Gruppe von Christen beugt sich \u00fcber Papyri, die aus Galil\u00e4a, der Heimat Jesu, zu ihnen gelangt sind. Sie wollen das Ged\u00e4chtnis an die Taten ihres Herrn bewahren und zugleich seine Worte auch in ihrer Gegenwart h\u00f6rbar machen. M\u00e4nner und Frauen von j\u00fcdischer, griechischer und syrischer Herkunft \u2013 so leben sie in einer Handelsmetropole des R\u00f6mischen Reiches. Wie kann es ihnen gelingen, etwas weiter zu tragen, was es so bisher&#8230;<\/p>\n<p class=\"read-more\"><a class=\"btn btn-default\" href=\"https:\/\/www.steinmannverlag.de\/wordpress\/buecher\/die-sammler-der-erinnerung\/\">Weiterlesen<span class=\"screen-reader-text\"> Weiterlesen<\/span><\/a><\/p>\n","protected":false},"author":1,"featured_media":0,"comment_status":"open","ping_status":"open","sticky":false,"template":"","format":"standard","meta":[],"categories":[1],"tags":[],"yoast_head":"<!-- This site is optimized with the Yoast SEO plugin v20.1 - https:\/\/yoast.com\/wordpress\/plugins\/seo\/ -->\n<title>Die Sammler der Erinnerung - Steinmann Verlag<\/title>\n<meta name=\"robots\" content=\"index, follow, max-snippet:-1, max-image-preview:large, max-video-preview:-1\" \/>\n<link rel=\"canonical\" href=\"https:\/\/www.steinmannverlag.de\/wordpress\/buecher\/die-sammler-der-erinnerung\/\" \/>\n<meta property=\"og:locale\" content=\"de_DE\" \/>\n<meta property=\"og:type\" content=\"article\" \/>\n<meta property=\"og:title\" content=\"Die Sammler der Erinnerung - Steinmann Verlag\" \/>\n<meta property=\"og:description\" content=\"Klappentext Damaskus in der zweiten H\u00e4lfte des 1. Jahrunderts: Eine kleine Gruppe von Christen beugt sich \u00fcber Papyri, die aus Galil\u00e4a, der Heimat Jesu, zu ihnen gelangt sind. Sie wollen das Ged\u00e4chtnis an die Taten ihres Herrn bewahren und zugleich seine Worte auch in ihrer Gegenwart h\u00f6rbar machen. M\u00e4nner und Frauen von j\u00fcdischer, griechischer und syrischer Herkunft \u2013 so leben sie in einer Handelsmetropole des R\u00f6mischen Reiches. Wie kann es ihnen gelingen, etwas weiter zu tragen, was es so bisher...Weiterlesen Weiterlesen\" \/>\n<meta property=\"og:url\" content=\"https:\/\/www.steinmannverlag.de\/wordpress\/buecher\/die-sammler-der-erinnerung\/\" \/>\n<meta property=\"og:site_name\" content=\"Steinmann Verlag\" \/>\n<meta property=\"article:published_time\" content=\"2016-06-24T16:14:03+00:00\" \/>\n<meta property=\"article:modified_time\" content=\"2016-06-24T16:15:46+00:00\" \/>\n<meta name=\"author\" content=\"admin\" \/>\n<meta name=\"twitter:card\" content=\"summary_large_image\" \/>\n<meta name=\"twitter:label1\" content=\"Verfasst von\" \/>\n\t<meta name=\"twitter:data1\" content=\"admin\" \/>\n\t<meta name=\"twitter:label2\" content=\"Gesch\u00e4tzte Lesezeit\" \/>\n\t<meta name=\"twitter:data2\" content=\"1\u00a0Minute\" \/>\n<script type=\"application\/ld+json\" class=\"yoast-schema-graph\">{\"@context\":\"https:\/\/schema.org\",\"@graph\":[{\"@type\":\"WebPage\",\"@id\":\"https:\/\/www.steinmannverlag.de\/wordpress\/buecher\/die-sammler-der-erinnerung\/\",\"url\":\"https:\/\/www.steinmannverlag.de\/wordpress\/buecher\/die-sammler-der-erinnerung\/\",\"name\":\"Die Sammler der Erinnerung - Steinmann Verlag\",\"isPartOf\":{\"@id\":\"https:\/\/www.steinmannverlag.de\/wordpress\/#website\"},\"datePublished\":\"2016-06-24T16:14:03+00:00\",\"dateModified\":\"2016-06-24T16:15:46+00:00\",\"author\":{\"@id\":\"https:\/\/www.steinmannverlag.de\/wordpress\/#\/schema\/person\/fd6f7fb43eb6cd0ab57dab20d4fe658a\"},\"breadcrumb\":{\"@id\":\"https:\/\/www.steinmannverlag.de\/wordpress\/buecher\/die-sammler-der-erinnerung\/#breadcrumb\"},\"inLanguage\":\"de\",\"potentialAction\":[{\"@type\":\"ReadAction\",\"target\":[\"https:\/\/www.steinmannverlag.de\/wordpress\/buecher\/die-sammler-der-erinnerung\/\"]}]},{\"@type\":\"BreadcrumbList\",\"@id\":\"https:\/\/www.steinmannverlag.de\/wordpress\/buecher\/die-sammler-der-erinnerung\/#breadcrumb\",\"itemListElement\":[{\"@type\":\"ListItem\",\"position\":1,\"name\":\"Home\",\"item\":\"https:\/\/www.steinmannverlag.de\/wordpress\/\"},{\"@type\":\"ListItem\",\"position\":2,\"name\":\"Die Sammler der Erinnerung\"}]},{\"@type\":\"WebSite\",\"@id\":\"https:\/\/www.steinmannverlag.de\/wordpress\/#website\",\"url\":\"https:\/\/www.steinmannverlag.de\/wordpress\/\",\"name\":\"Steinmann Verlag\",\"description\":\"Litteras Amamus\",\"potentialAction\":[{\"@type\":\"SearchAction\",\"target\":{\"@type\":\"EntryPoint\",\"urlTemplate\":\"https:\/\/www.steinmannverlag.de\/wordpress\/?s={search_term_string}\"},\"query-input\":\"required name=search_term_string\"}],\"inLanguage\":\"de\"},{\"@type\":\"Person\",\"@id\":\"https:\/\/www.steinmannverlag.de\/wordpress\/#\/schema\/person\/fd6f7fb43eb6cd0ab57dab20d4fe658a\",\"name\":\"admin\",\"url\":\"https:\/\/www.steinmannverlag.de\/wordpress\/author\/admin\/\"}]}<\/script>\n<!-- \/ Yoast SEO plugin. -->","yoast_head_json":{"title":"Die Sammler der Erinnerung - Steinmann Verlag","robots":{"index":"index","follow":"follow","max-snippet":"max-snippet:-1","max-image-preview":"max-image-preview:large","max-video-preview":"max-video-preview:-1"},"canonical":"https:\/\/www.steinmannverlag.de\/wordpress\/buecher\/die-sammler-der-erinnerung\/","og_locale":"de_DE","og_type":"article","og_title":"Die Sammler der Erinnerung - Steinmann Verlag","og_description":"Klappentext Damaskus in der zweiten H\u00e4lfte des 1. Jahrunderts: Eine kleine Gruppe von Christen beugt sich \u00fcber Papyri, die aus Galil\u00e4a, der Heimat Jesu, zu ihnen gelangt sind. Sie wollen das Ged\u00e4chtnis an die Taten ihres Herrn bewahren und zugleich seine Worte auch in ihrer Gegenwart h\u00f6rbar machen. M\u00e4nner und Frauen von j\u00fcdischer, griechischer und syrischer Herkunft \u2013 so leben sie in einer Handelsmetropole des R\u00f6mischen Reiches. Wie kann es ihnen gelingen, etwas weiter zu tragen, was es so bisher...Weiterlesen Weiterlesen","og_url":"https:\/\/www.steinmannverlag.de\/wordpress\/buecher\/die-sammler-der-erinnerung\/","og_site_name":"Steinmann Verlag","article_published_time":"2016-06-24T16:14:03+00:00","article_modified_time":"2016-06-24T16:15:46+00:00","author":"admin","twitter_card":"summary_large_image","twitter_misc":{"Verfasst von":"admin","Gesch\u00e4tzte Lesezeit":"1\u00a0Minute"},"schema":{"@context":"https:\/\/schema.org","@graph":[{"@type":"WebPage","@id":"https:\/\/www.steinmannverlag.de\/wordpress\/buecher\/die-sammler-der-erinnerung\/","url":"https:\/\/www.steinmannverlag.de\/wordpress\/buecher\/die-sammler-der-erinnerung\/","name":"Die Sammler der Erinnerung - Steinmann Verlag","isPartOf":{"@id":"https:\/\/www.steinmannverlag.de\/wordpress\/#website"},"datePublished":"2016-06-24T16:14:03+00:00","dateModified":"2016-06-24T16:15:46+00:00","author":{"@id":"https:\/\/www.steinmannverlag.de\/wordpress\/#\/schema\/person\/fd6f7fb43eb6cd0ab57dab20d4fe658a"},"breadcrumb":{"@id":"https:\/\/www.steinmannverlag.de\/wordpress\/buecher\/die-sammler-der-erinnerung\/#breadcrumb"},"inLanguage":"de","potentialAction":[{"@type":"ReadAction","target":["https:\/\/www.steinmannverlag.de\/wordpress\/buecher\/die-sammler-der-erinnerung\/"]}]},{"@type":"BreadcrumbList","@id":"https:\/\/www.steinmannverlag.de\/wordpress\/buecher\/die-sammler-der-erinnerung\/#breadcrumb","itemListElement":[{"@type":"ListItem","position":1,"name":"Home","item":"https:\/\/www.steinmannverlag.de\/wordpress\/"},{"@type":"ListItem","position":2,"name":"Die Sammler der Erinnerung"}]},{"@type":"WebSite","@id":"https:\/\/www.steinmannverlag.de\/wordpress\/#website","url":"https:\/\/www.steinmannverlag.de\/wordpress\/","name":"Steinmann Verlag","description":"Litteras Amamus","potentialAction":[{"@type":"SearchAction","target":{"@type":"EntryPoint","urlTemplate":"https:\/\/www.steinmannverlag.de\/wordpress\/?s={search_term_string}"},"query-input":"required name=search_term_string"}],"inLanguage":"de"},{"@type":"Person","@id":"https:\/\/www.steinmannverlag.de\/wordpress\/#\/schema\/person\/fd6f7fb43eb6cd0ab57dab20d4fe658a","name":"admin","url":"https:\/\/www.steinmannverlag.de\/wordpress\/author\/admin\/"}]}},"_links":{"self":[{"href":"https:\/\/www.steinmannverlag.de\/wordpress\/wp-json\/wp\/v2\/posts\/1236"}],"collection":[{"href":"https:\/\/www.steinmannverlag.de\/wordpress\/wp-json\/wp\/v2\/posts"}],"about":[{"href":"https:\/\/www.steinmannverlag.de\/wordpress\/wp-json\/wp\/v2\/types\/post"}],"author":[{"embeddable":true,"href":"https:\/\/www.steinmannverlag.de\/wordpress\/wp-json\/wp\/v2\/users\/1"}],"replies":[{"embeddable":true,"href":"https:\/\/www.steinmannverlag.de\/wordpress\/wp-json\/wp\/v2\/comments?post=1236"}],"version-history":[{"count":3,"href":"https:\/\/www.steinmannverlag.de\/wordpress\/wp-json\/wp\/v2\/posts\/1236\/revisions"}],"predecessor-version":[{"id":1239,"href":"https:\/\/www.steinmannverlag.de\/wordpress\/wp-json\/wp\/v2\/posts\/1236\/revisions\/1239"}],"wp:attachment":[{"href":"https:\/\/www.steinmannverlag.de\/wordpress\/wp-json\/wp\/v2\/media?parent=1236"}],"wp:term":[{"taxonomy":"category","embeddable":true,"href":"https:\/\/www.steinmannverlag.de\/wordpress\/wp-json\/wp\/v2\/categories?post=1236"},{"taxonomy":"post_tag","embeddable":true,"href":"https:\/\/www.steinmannverlag.de\/wordpress\/wp-json\/wp\/v2\/tags?post=1236"}],"curies":[{"name":"wp","href":"https:\/\/api.w.org\/{rel}","templated":true}]}}