{"id":1018,"date":"2015-01-04T18:23:36","date_gmt":"2015-01-04T17:23:36","guid":{"rendered":"http:\/\/www.steinmannverlag.de\/wordpress\/buecher\/schwere-stunden-poesie\/"},"modified":"2018-06-14T20:39:22","modified_gmt":"2018-06-14T18:39:22","slug":"schwere-stunden-poesie","status":"publish","type":"post","link":"https:\/\/www.steinmannverlag.de\/wordpress\/buecher\/schwere-stunden-poesie\/","title":{"rendered":"Schwere-Stunden-Poesie"},"content":{"rendered":"<p><strong>Klappentext<\/strong><\/p>\n<p>Poesie aus \u201eSchweren Stunden\u201c und f\u00fcr diese verfassen die beiden Autoren, seit sie selbst von lebensverk\u00fcrzender Krankheit betroffen sind. Dahinter steckt gewisserma\u00dfen eine Form der Selbst-Therapie: verdichtete Sprache (Gedichte) l\u00e4sst das Leben \u201edichter\u201c werden. Deshalb legen die Autoren hier neben ihren Gedichten zugleich \u00dcberlegungen zur passiven (Gedichte h\u00f6ren) und aktiven (Gedichte schreiben) Poesietherapie sowie Gedankeng\u00e4nge zum Umgang \u201ebedeutenderer\u201c Dichter (Rilke, Novalis, Guantanamo-H\u00e4ftlinge, Marilyn Monroe, Adelbert v. Chamisso) mit schwerer Krankheit, Sterben, Tod und Trauer vor.<\/p>\n<p><strong>Besprechung in: \u201eMitgehen\u201c &#8211; Informationen des Hospiz-F\u00f6rder-Vereins e.V. Itzehoe Nr. 36, 2015:<\/strong><\/p>\n<p>Schwere-Stunden-Poesie ist nicht nur f\u00fcr schwere Stunden. Die beiden Autoren, selbst von lebensverk\u00fcrzender Krankheit betroffen, haben Gedichte und Gedankeng\u00e4nge zu Gedichten bedeutender Dichter verfasst, die zwar vielfach Not und Verzweiflung beschreiben, jedoch immer wieder reflektierend auf das Leben. Ein Leben, das sich unter anderem aus Sinn, Not und Liebe formt; stets miteinander verwoben.<br \/>\nDie verdichtete Sprache l\u00e4sst das Leben \u201edichter&#8220; und sinnhafter erscheinen. Positiv auffallend sind die sowohl kognitive als auch affektive Sprache, die unterschiedlichen Gedichtformen und der sch\u00f6ne Wortreichtum, die den Leser neugierig auf mehr machen. Beide Autoren, Gisela Rest-Hartjes und ihr Ehe&shy;mann Franco Rest, haben mit dieser &#8222;Poesietherapie&#8220; ein fulminantes Werk geschaffen, welches unbedingt  lesenswert ist und, so glaube ich, therapierend wirken kann.<\/p>\n<p>Oskar M\u00fcrell, RG Seligenstadt und Umgebung<\/p>\n","protected":false},"excerpt":{"rendered":"<p>Klappentext Poesie aus \u201eSchweren Stunden\u201c und f\u00fcr diese verfassen die beiden Autoren, seit sie selbst von lebensverk\u00fcrzender Krankheit betroffen sind. Dahinter steckt gewisserma\u00dfen eine Form der Selbst-Therapie: verdichtete Sprache (Gedichte) l\u00e4sst das Leben \u201edichter\u201c werden. Deshalb legen die Autoren hier neben ihren Gedichten zugleich \u00dcberlegungen zur passiven (Gedichte h\u00f6ren) und aktiven (Gedichte schreiben) Poesietherapie sowie Gedankeng\u00e4nge zum Umgang \u201ebedeutenderer\u201c Dichter (Rilke, Novalis, Guantanamo-H\u00e4ftlinge, Marilyn Monroe, Adelbert v. Chamisso) mit schwerer Krankheit, Sterben, Tod und Trauer vor. Besprechung in: \u201eMitgehen\u201c &#8211;&#8230;<\/p>\n<p class=\"read-more\"><a class=\"btn btn-default\" href=\"https:\/\/www.steinmannverlag.de\/wordpress\/buecher\/schwere-stunden-poesie\/\">Weiterlesen<span class=\"screen-reader-text\"> Weiterlesen<\/span><\/a><\/p>\n","protected":false},"author":1,"featured_media":0,"comment_status":"open","ping_status":"open","sticky":false,"template":"","format":"standard","meta":[],"categories":[1],"tags":[],"yoast_head":"<!-- This site is optimized with the Yoast SEO plugin v20.1 - https:\/\/yoast.com\/wordpress\/plugins\/seo\/ -->\n<title>Schwere-Stunden-Poesie - Steinmann Verlag<\/title>\n<meta name=\"robots\" content=\"index, follow, max-snippet:-1, max-image-preview:large, max-video-preview:-1\" \/>\n<link rel=\"canonical\" href=\"https:\/\/www.steinmannverlag.de\/wordpress\/buecher\/schwere-stunden-poesie\/\" \/>\n<meta property=\"og:locale\" content=\"de_DE\" \/>\n<meta property=\"og:type\" content=\"article\" \/>\n<meta property=\"og:title\" content=\"Schwere-Stunden-Poesie - Steinmann Verlag\" \/>\n<meta property=\"og:description\" content=\"Klappentext Poesie aus \u201eSchweren Stunden\u201c und f\u00fcr diese verfassen die beiden Autoren, seit sie selbst von lebensverk\u00fcrzender Krankheit betroffen sind. Dahinter steckt gewisserma\u00dfen eine Form der Selbst-Therapie: verdichtete Sprache (Gedichte) l\u00e4sst das Leben \u201edichter\u201c werden. Deshalb legen die Autoren hier neben ihren Gedichten zugleich \u00dcberlegungen zur passiven (Gedichte h\u00f6ren) und aktiven (Gedichte schreiben) Poesietherapie sowie Gedankeng\u00e4nge zum Umgang \u201ebedeutenderer\u201c Dichter (Rilke, Novalis, Guantanamo-H\u00e4ftlinge, Marilyn Monroe, Adelbert v. Chamisso) mit schwerer Krankheit, Sterben, Tod und Trauer vor. Besprechung in: \u201eMitgehen\u201c &#8211;...Weiterlesen Weiterlesen\" \/>\n<meta property=\"og:url\" content=\"https:\/\/www.steinmannverlag.de\/wordpress\/buecher\/schwere-stunden-poesie\/\" \/>\n<meta property=\"og:site_name\" content=\"Steinmann Verlag\" \/>\n<meta property=\"article:published_time\" content=\"2015-01-04T17:23:36+00:00\" \/>\n<meta property=\"article:modified_time\" content=\"2018-06-14T18:39:22+00:00\" \/>\n<meta name=\"author\" content=\"admin\" \/>\n<meta name=\"twitter:card\" content=\"summary_large_image\" \/>\n<meta name=\"twitter:label1\" content=\"Verfasst von\" \/>\n\t<meta name=\"twitter:data1\" content=\"admin\" \/>\n\t<meta name=\"twitter:label2\" content=\"Gesch\u00e4tzte Lesezeit\" \/>\n\t<meta name=\"twitter:data2\" content=\"1\u00a0Minute\" \/>\n<script type=\"application\/ld+json\" class=\"yoast-schema-graph\">{\"@context\":\"https:\/\/schema.org\",\"@graph\":[{\"@type\":\"WebPage\",\"@id\":\"https:\/\/www.steinmannverlag.de\/wordpress\/buecher\/schwere-stunden-poesie\/\",\"url\":\"https:\/\/www.steinmannverlag.de\/wordpress\/buecher\/schwere-stunden-poesie\/\",\"name\":\"Schwere-Stunden-Poesie - Steinmann Verlag\",\"isPartOf\":{\"@id\":\"https:\/\/www.steinmannverlag.de\/wordpress\/#website\"},\"datePublished\":\"2015-01-04T17:23:36+00:00\",\"dateModified\":\"2018-06-14T18:39:22+00:00\",\"author\":{\"@id\":\"https:\/\/www.steinmannverlag.de\/wordpress\/#\/schema\/person\/fd6f7fb43eb6cd0ab57dab20d4fe658a\"},\"breadcrumb\":{\"@id\":\"https:\/\/www.steinmannverlag.de\/wordpress\/buecher\/schwere-stunden-poesie\/#breadcrumb\"},\"inLanguage\":\"de\",\"potentialAction\":[{\"@type\":\"ReadAction\",\"target\":[\"https:\/\/www.steinmannverlag.de\/wordpress\/buecher\/schwere-stunden-poesie\/\"]}]},{\"@type\":\"BreadcrumbList\",\"@id\":\"https:\/\/www.steinmannverlag.de\/wordpress\/buecher\/schwere-stunden-poesie\/#breadcrumb\",\"itemListElement\":[{\"@type\":\"ListItem\",\"position\":1,\"name\":\"Home\",\"item\":\"https:\/\/www.steinmannverlag.de\/wordpress\/\"},{\"@type\":\"ListItem\",\"position\":2,\"name\":\"Schwere-Stunden-Poesie\"}]},{\"@type\":\"WebSite\",\"@id\":\"https:\/\/www.steinmannverlag.de\/wordpress\/#website\",\"url\":\"https:\/\/www.steinmannverlag.de\/wordpress\/\",\"name\":\"Steinmann Verlag\",\"description\":\"Litteras Amamus\",\"potentialAction\":[{\"@type\":\"SearchAction\",\"target\":{\"@type\":\"EntryPoint\",\"urlTemplate\":\"https:\/\/www.steinmannverlag.de\/wordpress\/?s={search_term_string}\"},\"query-input\":\"required name=search_term_string\"}],\"inLanguage\":\"de\"},{\"@type\":\"Person\",\"@id\":\"https:\/\/www.steinmannverlag.de\/wordpress\/#\/schema\/person\/fd6f7fb43eb6cd0ab57dab20d4fe658a\",\"name\":\"admin\",\"url\":\"https:\/\/www.steinmannverlag.de\/wordpress\/author\/admin\/\"}]}<\/script>\n<!-- \/ Yoast SEO plugin. -->","yoast_head_json":{"title":"Schwere-Stunden-Poesie - Steinmann Verlag","robots":{"index":"index","follow":"follow","max-snippet":"max-snippet:-1","max-image-preview":"max-image-preview:large","max-video-preview":"max-video-preview:-1"},"canonical":"https:\/\/www.steinmannverlag.de\/wordpress\/buecher\/schwere-stunden-poesie\/","og_locale":"de_DE","og_type":"article","og_title":"Schwere-Stunden-Poesie - Steinmann Verlag","og_description":"Klappentext Poesie aus \u201eSchweren Stunden\u201c und f\u00fcr diese verfassen die beiden Autoren, seit sie selbst von lebensverk\u00fcrzender Krankheit betroffen sind. Dahinter steckt gewisserma\u00dfen eine Form der Selbst-Therapie: verdichtete Sprache (Gedichte) l\u00e4sst das Leben \u201edichter\u201c werden. Deshalb legen die Autoren hier neben ihren Gedichten zugleich \u00dcberlegungen zur passiven (Gedichte h\u00f6ren) und aktiven (Gedichte schreiben) Poesietherapie sowie Gedankeng\u00e4nge zum Umgang \u201ebedeutenderer\u201c Dichter (Rilke, Novalis, Guantanamo-H\u00e4ftlinge, Marilyn Monroe, Adelbert v. Chamisso) mit schwerer Krankheit, Sterben, Tod und Trauer vor. Besprechung in: \u201eMitgehen\u201c &#8211;...Weiterlesen Weiterlesen","og_url":"https:\/\/www.steinmannverlag.de\/wordpress\/buecher\/schwere-stunden-poesie\/","og_site_name":"Steinmann Verlag","article_published_time":"2015-01-04T17:23:36+00:00","article_modified_time":"2018-06-14T18:39:22+00:00","author":"admin","twitter_card":"summary_large_image","twitter_misc":{"Verfasst von":"admin","Gesch\u00e4tzte Lesezeit":"1\u00a0Minute"},"schema":{"@context":"https:\/\/schema.org","@graph":[{"@type":"WebPage","@id":"https:\/\/www.steinmannverlag.de\/wordpress\/buecher\/schwere-stunden-poesie\/","url":"https:\/\/www.steinmannverlag.de\/wordpress\/buecher\/schwere-stunden-poesie\/","name":"Schwere-Stunden-Poesie - Steinmann Verlag","isPartOf":{"@id":"https:\/\/www.steinmannverlag.de\/wordpress\/#website"},"datePublished":"2015-01-04T17:23:36+00:00","dateModified":"2018-06-14T18:39:22+00:00","author":{"@id":"https:\/\/www.steinmannverlag.de\/wordpress\/#\/schema\/person\/fd6f7fb43eb6cd0ab57dab20d4fe658a"},"breadcrumb":{"@id":"https:\/\/www.steinmannverlag.de\/wordpress\/buecher\/schwere-stunden-poesie\/#breadcrumb"},"inLanguage":"de","potentialAction":[{"@type":"ReadAction","target":["https:\/\/www.steinmannverlag.de\/wordpress\/buecher\/schwere-stunden-poesie\/"]}]},{"@type":"BreadcrumbList","@id":"https:\/\/www.steinmannverlag.de\/wordpress\/buecher\/schwere-stunden-poesie\/#breadcrumb","itemListElement":[{"@type":"ListItem","position":1,"name":"Home","item":"https:\/\/www.steinmannverlag.de\/wordpress\/"},{"@type":"ListItem","position":2,"name":"Schwere-Stunden-Poesie"}]},{"@type":"WebSite","@id":"https:\/\/www.steinmannverlag.de\/wordpress\/#website","url":"https:\/\/www.steinmannverlag.de\/wordpress\/","name":"Steinmann Verlag","description":"Litteras Amamus","potentialAction":[{"@type":"SearchAction","target":{"@type":"EntryPoint","urlTemplate":"https:\/\/www.steinmannverlag.de\/wordpress\/?s={search_term_string}"},"query-input":"required name=search_term_string"}],"inLanguage":"de"},{"@type":"Person","@id":"https:\/\/www.steinmannverlag.de\/wordpress\/#\/schema\/person\/fd6f7fb43eb6cd0ab57dab20d4fe658a","name":"admin","url":"https:\/\/www.steinmannverlag.de\/wordpress\/author\/admin\/"}]}},"_links":{"self":[{"href":"https:\/\/www.steinmannverlag.de\/wordpress\/wp-json\/wp\/v2\/posts\/1018"}],"collection":[{"href":"https:\/\/www.steinmannverlag.de\/wordpress\/wp-json\/wp\/v2\/posts"}],"about":[{"href":"https:\/\/www.steinmannverlag.de\/wordpress\/wp-json\/wp\/v2\/types\/post"}],"author":[{"embeddable":true,"href":"https:\/\/www.steinmannverlag.de\/wordpress\/wp-json\/wp\/v2\/users\/1"}],"replies":[{"embeddable":true,"href":"https:\/\/www.steinmannverlag.de\/wordpress\/wp-json\/wp\/v2\/comments?post=1018"}],"version-history":[{"count":6,"href":"https:\/\/www.steinmannverlag.de\/wordpress\/wp-json\/wp\/v2\/posts\/1018\/revisions"}],"predecessor-version":[{"id":1329,"href":"https:\/\/www.steinmannverlag.de\/wordpress\/wp-json\/wp\/v2\/posts\/1018\/revisions\/1329"}],"wp:attachment":[{"href":"https:\/\/www.steinmannverlag.de\/wordpress\/wp-json\/wp\/v2\/media?parent=1018"}],"wp:term":[{"taxonomy":"category","embeddable":true,"href":"https:\/\/www.steinmannverlag.de\/wordpress\/wp-json\/wp\/v2\/categories?post=1018"},{"taxonomy":"post_tag","embeddable":true,"href":"https:\/\/www.steinmannverlag.de\/wordpress\/wp-json\/wp\/v2\/tags?post=1018"}],"curies":[{"name":"wp","href":"https:\/\/api.w.org\/{rel}","templated":true}]}}